{"id":1251,"date":"2017-04-25T15:13:33","date_gmt":"2017-04-25T15:13:33","guid":{"rendered":"http:\/\/veritekglobal.com\/es\/?p=1251"},"modified":"2020-10-05T14:20:14","modified_gmt":"2020-10-05T13:20:14","slug":"una-reconversion-exitosa","status":"publish","type":"post","link":"https:\/\/veritekglobal.com\/es\/blog\/una-reconversion-exitosa\/","title":{"rendered":"\u00a1Una reconversi\u00f3n exitosa!"},"content":{"rendered":"<p>Como parte de un amplio programa de reconversi\u00f3n de nuestro grupo&nbsp;de t\u00e9cnicos, nuestro colaborador en Lisboa, Jos\u00e9 Luis Pereira, especialista en minilabs Konica, Noritsu y Fuji Frontier, ha sido invitado a participar en un ciclo&nbsp;de reconversi\u00f3n hacia el sector de las artes gr\u00e1ficas en las instalaciones de Hewlett Packard en Sant Cugat del Vall\u00e9s.<\/p>\n<p>Durante dos semanas seguidas ha participado en un entrenamiento t\u00e9cnico sobre impresora de gran formato HP Latex 1500 y posteriormente sobre impresora HP Latex 3000. Durante este per\u00edodo de formaci\u00f3n, Jos\u00e9 Luis ha estado supervisado y apoyado por sus compa\u00f1eros Ian Watson de Veritek Reino Unido y Jiri Rach de Veritek Rep\u00fablica Checa.<\/p>\n<p>Inmediatamente despu\u00e9s de haber atendido estos dos cursos de formaci\u00f3n t\u00e9cnica en HP Sant Cugat, Jos\u00e9 Luis ha ayudado durante una semana completa con el mantenimiento preventivo y puesta a punto de un primer equipo HP latex 3000 en Polonia. Habiendo finalizado su formaci\u00f3n de forma exitosa, ha seguido ayudando con este proceso en este mismo cliente en Polonia durante otras dos semanas adicionales.<\/p>\n<p>Jos\u00e9 Luis est\u00e1 emprendiendo su programa de reconversi\u00f3n de forma muy satisfactoria y demuestra entusiasmo, profesionalidad y compromiso tanto con los clientes externos e internos de Veritek como con su carrera personal.<\/p>\n<p>\u00a1Queremos agradecerle muy particularmente la flexibilidad y disponibilidad que ha demostrado durante estas \u00faltimas semanas!<\/p>\n<p style=\"text-align: center\"><a href=\"https:\/\/veritekglobal.com\/es\/wp-content\/uploads\/sites\/3\/2017\/04\/Training-HP-3000-April-2017.jpg\"><img decoding=\"async\" loading=\"lazy\" class=\"alignnone size-medium wp-image-1258\" src=\"https:\/\/veritekglobal.com\/es\/wp-content\/uploads\/sites\/3\/2017\/04\/Training-HP-3000-April-2017-300x168.jpg\" alt=\"\" width=\"300\" height=\"168\" srcset=\"https:\/\/veritekglobal.com\/es\/wp-content\/uploads\/sites\/3\/2017\/04\/Training-HP-3000-April-2017-300x168.jpg 300w, https:\/\/veritekglobal.com\/es\/wp-content\/uploads\/sites\/3\/2017\/04\/Training-HP-3000-April-2017-1024x575.jpg 1024w, https:\/\/veritekglobal.com\/es\/wp-content\/uploads\/sites\/3\/2017\/04\/Training-HP-3000-April-2017-768x431.jpg 768w, https:\/\/veritekglobal.com\/es\/wp-content\/uploads\/sites\/3\/2017\/04\/Training-HP-3000-April-2017-1536x862.jpg 1536w, https:\/\/veritekglobal.com\/es\/wp-content\/uploads\/sites\/3\/2017\/04\/Training-HP-3000-April-2017-165x93.jpg 165w, https:\/\/veritekglobal.com\/es\/wp-content\/uploads\/sites\/3\/2017\/04\/Training-HP-3000-April-2017.jpg 1984w\" sizes=\"(max-width: 300px) 100vw, 300px\" \/><\/a><\/p>\n<p style=\"text-align: center\">En HP Sant Cugat, Jos\u00e9 Luis (izq.) recibiendo su diploma de la mano de su coach Jiri Rach de Veritek Rep\u00fablica Checa.<\/p>\n<p><a href=\"https:\/\/veritekglobal.com\/es\/wp-content\/uploads\/sites\/3\/2017\/04\/En-Consalnet-HP-3000.jpg\"><img decoding=\"async\" loading=\"lazy\" class=\"size-medium wp-image-1256 aligncenter\" src=\"https:\/\/veritekglobal.com\/es\/wp-content\/uploads\/sites\/3\/2017\/04\/En-Consalnet-HP-3000-300x169.jpg\" alt=\"\" width=\"300\" height=\"169\" srcset=\"https:\/\/veritekglobal.com\/es\/wp-content\/uploads\/sites\/3\/2017\/04\/En-Consalnet-HP-3000-300x169.jpg 300w, https:\/\/veritekglobal.com\/es\/wp-content\/uploads\/sites\/3\/2017\/04\/En-Consalnet-HP-3000-1024x576.jpg 1024w, https:\/\/veritekglobal.com\/es\/wp-content\/uploads\/sites\/3\/2017\/04\/En-Consalnet-HP-3000-768x432.jpg 768w, https:\/\/veritekglobal.com\/es\/wp-content\/uploads\/sites\/3\/2017\/04\/En-Consalnet-HP-3000-1536x864.jpg 1536w, https:\/\/veritekglobal.com\/es\/wp-content\/uploads\/sites\/3\/2017\/04\/En-Consalnet-HP-3000-165x93.jpg 165w, https:\/\/veritekglobal.com\/es\/wp-content\/uploads\/sites\/3\/2017\/04\/En-Consalnet-HP-3000-460x260.jpg 460w, https:\/\/veritekglobal.com\/es\/wp-content\/uploads\/sites\/3\/2017\/04\/En-Consalnet-HP-3000.jpg 1984w\" sizes=\"(max-width: 300px) 100vw, 300px\" \/><\/a><\/p>\n<p style=\"text-align: center\">En Polonia, con su compa\u00f1ero Ian Watson de Veritek Reino Unido.<\/p>\n","protected":false},"excerpt":{"rendered":"<p>Como parte de un amplio programa de reconversi\u00f3n de nuestro grupo&nbsp;de t\u00e9cnicos, nuestro colaborador en Lisboa, Jos\u00e9 Luis Pereira, especialista en minilabs Konica, Noritsu y Fuji Frontier, ha sido invitado a participar en un ciclo&nbsp;de reconversi\u00f3n hacia el sector de las artes gr\u00e1ficas en las instalaciones de Hewlett Packard en Sant Cugat del Vall\u00e9s. Durante [&hellip;]<\/p>\n","protected":false},"author":32,"featured_media":1257,"comment_status":"open","ping_status":"open","sticky":false,"template":"","format":"standard","meta":{"footnotes":""},"categories":[115],"tags":[],"yoast_head":"<!-- This site is optimized with the Yoast SEO plugin v21.2 - https:\/\/yoast.com\/wordpress\/plugins\/seo\/ -->\n<title>\u00a1Una reconversi\u00f3n exitosa! | Veritek Spain<\/title>\n<meta name=\"robots\" content=\"index, follow, max-snippet:-1, max-image-preview:large, max-video-preview:-1\" \/>\n<link rel=\"canonical\" href=\"https:\/\/veritekglobal.com\/es\/blog\/una-reconversion-exitosa\/\" \/>\n<meta property=\"og:locale\" content=\"es_ES\" \/>\n<meta property=\"og:type\" content=\"article\" \/>\n<meta property=\"og:title\" content=\"\u00a1Una reconversi\u00f3n exitosa! | Veritek Spain\" \/>\n<meta property=\"og:description\" content=\"Como parte de un amplio programa de reconversi\u00f3n de nuestro grupo&nbsp;de t\u00e9cnicos, nuestro colaborador en Lisboa, Jos\u00e9 Luis Pereira, especialista en minilabs Konica, Noritsu y Fuji Frontier, ha sido invitado a participar en un ciclo&nbsp;de reconversi\u00f3n hacia el sector de las artes gr\u00e1ficas en las instalaciones de Hewlett Packard en Sant Cugat del Vall\u00e9s. Durante [&hellip;]\" \/>\n<meta property=\"og:url\" content=\"https:\/\/veritekglobal.com\/es\/blog\/una-reconversion-exitosa\/\" \/>\n<meta property=\"og:site_name\" content=\"Veritek Spain\" \/>\n<meta property=\"article:published_time\" content=\"2017-04-25T15:13:33+00:00\" \/>\n<meta property=\"article:modified_time\" content=\"2020-10-05T13:20:14+00:00\" \/>\n<meta property=\"og:image\" content=\"https:\/\/veritekglobal.com\/es\/wp-content\/uploads\/sites\/3\/2017\/04\/JPA-JRH-Training-Latex-3000.jpg\" \/>\n\t<meta property=\"og:image:width\" content=\"1268\" \/>\n\t<meta property=\"og:image:height\" content=\"940\" \/>\n\t<meta property=\"og:image:type\" content=\"image\/jpeg\" \/>\n<meta name=\"author\" content=\"hannah\" \/>\n<meta name=\"twitter:card\" content=\"summary_large_image\" \/>\n<meta name=\"twitter:label1\" content=\"Written by\" \/>\n\t<meta name=\"twitter:data1\" content=\"hannah\" \/>\n\t<meta name=\"twitter:label2\" content=\"Est. reading time\" \/>\n\t<meta name=\"twitter:data2\" content=\"1 minute\" \/>\n<script type=\"application\/ld+json\" class=\"yoast-schema-graph\">{\"@context\":\"https:\/\/schema.org\",\"@graph\":[{\"@type\":\"Article\",\"@id\":\"https:\/\/veritekglobal.com\/es\/blog\/una-reconversion-exitosa\/#article\",\"isPartOf\":{\"@id\":\"https:\/\/veritekglobal.com\/es\/blog\/una-reconversion-exitosa\/\"},\"author\":{\"name\":\"hannah\",\"@id\":\"https:\/\/veritekglobal.com\/es\/#\/schema\/person\/88c2a2913f9014c67765fee1ec6bcf0e\"},\"headline\":\"\u00a1Una reconversi\u00f3n exitosa!\",\"datePublished\":\"2017-04-25T15:13:33+00:00\",\"dateModified\":\"2020-10-05T13:20:14+00:00\",\"mainEntityOfPage\":{\"@id\":\"https:\/\/veritekglobal.com\/es\/blog\/una-reconversion-exitosa\/\"},\"wordCount\":273,\"commentCount\":0,\"publisher\":{\"@id\":\"https:\/\/veritekglobal.com\/es\/#organization\"},\"articleSection\":[\"Discover Veritek\"],\"inLanguage\":\"es-ES\",\"potentialAction\":[{\"@type\":\"CommentAction\",\"name\":\"Comment\",\"target\":[\"https:\/\/veritekglobal.com\/es\/blog\/una-reconversion-exitosa\/#respond\"]}]},{\"@type\":\"WebPage\",\"@id\":\"https:\/\/veritekglobal.com\/es\/blog\/una-reconversion-exitosa\/\",\"url\":\"https:\/\/veritekglobal.com\/es\/blog\/una-reconversion-exitosa\/\",\"name\":\"\u00a1Una reconversi\u00f3n exitosa! | Veritek Spain\",\"isPartOf\":{\"@id\":\"https:\/\/veritekglobal.com\/es\/#website\"},\"datePublished\":\"2017-04-25T15:13:33+00:00\",\"dateModified\":\"2020-10-05T13:20:14+00:00\",\"breadcrumb\":{\"@id\":\"https:\/\/veritekglobal.com\/es\/blog\/una-reconversion-exitosa\/#breadcrumb\"},\"inLanguage\":\"es-ES\",\"potentialAction\":[{\"@type\":\"ReadAction\",\"target\":[\"https:\/\/veritekglobal.com\/es\/blog\/una-reconversion-exitosa\/\"]}]},{\"@type\":\"BreadcrumbList\",\"@id\":\"https:\/\/veritekglobal.com\/es\/blog\/una-reconversion-exitosa\/#breadcrumb\",\"itemListElement\":[{\"@type\":\"ListItem\",\"position\":1,\"name\":\"Home\",\"item\":\"https:\/\/veritekglobal.com\/es\/\"},{\"@type\":\"ListItem\",\"position\":2,\"name\":\"\u00a1Una reconversi\u00f3n exitosa!\"}]},{\"@type\":\"WebSite\",\"@id\":\"https:\/\/veritekglobal.com\/es\/#website\",\"url\":\"https:\/\/veritekglobal.com\/es\/\",\"name\":\"Veritek Spain\",\"description\":\"Photo Imaging, Print and Graphics, Healthcare and Optical, and Digital Cinema.\",\"publisher\":{\"@id\":\"https:\/\/veritekglobal.com\/es\/#organization\"},\"potentialAction\":[{\"@type\":\"SearchAction\",\"target\":{\"@type\":\"EntryPoint\",\"urlTemplate\":\"https:\/\/veritekglobal.com\/es\/?s={search_term_string}\"},\"query-input\":\"required name=search_term_string\"}],\"inLanguage\":\"es-ES\"},{\"@type\":\"Organization\",\"@id\":\"https:\/\/veritekglobal.com\/es\/#organization\",\"name\":\"Veritek\",\"url\":\"https:\/\/veritekglobal.com\/es\/\",\"logo\":{\"@type\":\"ImageObject\",\"inLanguage\":\"es-ES\",\"@id\":\"https:\/\/veritekglobal.com\/es\/#\/schema\/logo\/image\/\",\"url\":\"https:\/\/veritekglobal.com\/es\/wp-content\/uploads\/sites\/3\/2020\/03\/Logo.svg\",\"contentUrl\":\"https:\/\/veritekglobal.com\/es\/wp-content\/uploads\/sites\/3\/2020\/03\/Logo.svg\",\"width\":339,\"height\":144,\"caption\":\"Veritek\"},\"image\":{\"@id\":\"https:\/\/veritekglobal.com\/es\/#\/schema\/logo\/image\/\"}},{\"@type\":\"Person\",\"@id\":\"https:\/\/veritekglobal.com\/es\/#\/schema\/person\/88c2a2913f9014c67765fee1ec6bcf0e\",\"name\":\"hannah\",\"image\":{\"@type\":\"ImageObject\",\"inLanguage\":\"es-ES\",\"@id\":\"https:\/\/veritekglobal.com\/es\/#\/schema\/person\/image\/\",\"url\":\"https:\/\/secure.gravatar.com\/avatar\/6679673dbe3d24ffcbf467e2e4e0bbc2?s=96&d=mm&r=g\",\"contentUrl\":\"https:\/\/secure.gravatar.com\/avatar\/6679673dbe3d24ffcbf467e2e4e0bbc2?s=96&d=mm&r=g\",\"caption\":\"hannah\"},\"url\":\"https:\/\/veritekglobal.com\/es\/blog\/author\/hannah\/\"}]}<\/script>\n<!-- \/ Yoast SEO plugin. -->","yoast_head_json":{"title":"\u00a1Una reconversi\u00f3n exitosa! | Veritek Spain","robots":{"index":"index","follow":"follow","max-snippet":"max-snippet:-1","max-image-preview":"max-image-preview:large","max-video-preview":"max-video-preview:-1"},"canonical":"https:\/\/veritekglobal.com\/es\/blog\/una-reconversion-exitosa\/","og_locale":"es_ES","og_type":"article","og_title":"\u00a1Una reconversi\u00f3n exitosa! | Veritek Spain","og_description":"Como parte de un amplio programa de reconversi\u00f3n de nuestro grupo&nbsp;de t\u00e9cnicos, nuestro colaborador en Lisboa, Jos\u00e9 Luis Pereira, especialista en minilabs Konica, Noritsu y Fuji Frontier, ha sido invitado a participar en un ciclo&nbsp;de reconversi\u00f3n hacia el sector de las artes gr\u00e1ficas en las instalaciones de Hewlett Packard en Sant Cugat del Vall\u00e9s. Durante [&hellip;]","og_url":"https:\/\/veritekglobal.com\/es\/blog\/una-reconversion-exitosa\/","og_site_name":"Veritek Spain","article_published_time":"2017-04-25T15:13:33+00:00","article_modified_time":"2020-10-05T13:20:14+00:00","og_image":[{"width":1268,"height":940,"url":"https:\/\/veritekglobal.com\/es\/wp-content\/uploads\/sites\/3\/2017\/04\/JPA-JRH-Training-Latex-3000.jpg","type":"image\/jpeg"}],"author":"hannah","twitter_card":"summary_large_image","twitter_misc":{"Written by":"hannah","Est. reading time":"1 minute"},"schema":{"@context":"https:\/\/schema.org","@graph":[{"@type":"Article","@id":"https:\/\/veritekglobal.com\/es\/blog\/una-reconversion-exitosa\/#article","isPartOf":{"@id":"https:\/\/veritekglobal.com\/es\/blog\/una-reconversion-exitosa\/"},"author":{"name":"hannah","@id":"https:\/\/veritekglobal.com\/es\/#\/schema\/person\/88c2a2913f9014c67765fee1ec6bcf0e"},"headline":"\u00a1Una reconversi\u00f3n exitosa!","datePublished":"2017-04-25T15:13:33+00:00","dateModified":"2020-10-05T13:20:14+00:00","mainEntityOfPage":{"@id":"https:\/\/veritekglobal.com\/es\/blog\/una-reconversion-exitosa\/"},"wordCount":273,"commentCount":0,"publisher":{"@id":"https:\/\/veritekglobal.com\/es\/#organization"},"articleSection":["Discover Veritek"],"inLanguage":"es-ES","potentialAction":[{"@type":"CommentAction","name":"Comment","target":["https:\/\/veritekglobal.com\/es\/blog\/una-reconversion-exitosa\/#respond"]}]},{"@type":"WebPage","@id":"https:\/\/veritekglobal.com\/es\/blog\/una-reconversion-exitosa\/","url":"https:\/\/veritekglobal.com\/es\/blog\/una-reconversion-exitosa\/","name":"\u00a1Una reconversi\u00f3n exitosa! | Veritek Spain","isPartOf":{"@id":"https:\/\/veritekglobal.com\/es\/#website"},"datePublished":"2017-04-25T15:13:33+00:00","dateModified":"2020-10-05T13:20:14+00:00","breadcrumb":{"@id":"https:\/\/veritekglobal.com\/es\/blog\/una-reconversion-exitosa\/#breadcrumb"},"inLanguage":"es-ES","potentialAction":[{"@type":"ReadAction","target":["https:\/\/veritekglobal.com\/es\/blog\/una-reconversion-exitosa\/"]}]},{"@type":"BreadcrumbList","@id":"https:\/\/veritekglobal.com\/es\/blog\/una-reconversion-exitosa\/#breadcrumb","itemListElement":[{"@type":"ListItem","position":1,"name":"Home","item":"https:\/\/veritekglobal.com\/es\/"},{"@type":"ListItem","position":2,"name":"\u00a1Una reconversi\u00f3n exitosa!"}]},{"@type":"WebSite","@id":"https:\/\/veritekglobal.com\/es\/#website","url":"https:\/\/veritekglobal.com\/es\/","name":"Veritek Spain","description":"Photo Imaging, Print and Graphics, Healthcare and Optical, and Digital Cinema.","publisher":{"@id":"https:\/\/veritekglobal.com\/es\/#organization"},"potentialAction":[{"@type":"SearchAction","target":{"@type":"EntryPoint","urlTemplate":"https:\/\/veritekglobal.com\/es\/?s={search_term_string}"},"query-input":"required name=search_term_string"}],"inLanguage":"es-ES"},{"@type":"Organization","@id":"https:\/\/veritekglobal.com\/es\/#organization","name":"Veritek","url":"https:\/\/veritekglobal.com\/es\/","logo":{"@type":"ImageObject","inLanguage":"es-ES","@id":"https:\/\/veritekglobal.com\/es\/#\/schema\/logo\/image\/","url":"https:\/\/veritekglobal.com\/es\/wp-content\/uploads\/sites\/3\/2020\/03\/Logo.svg","contentUrl":"https:\/\/veritekglobal.com\/es\/wp-content\/uploads\/sites\/3\/2020\/03\/Logo.svg","width":339,"height":144,"caption":"Veritek"},"image":{"@id":"https:\/\/veritekglobal.com\/es\/#\/schema\/logo\/image\/"}},{"@type":"Person","@id":"https:\/\/veritekglobal.com\/es\/#\/schema\/person\/88c2a2913f9014c67765fee1ec6bcf0e","name":"hannah","image":{"@type":"ImageObject","inLanguage":"es-ES","@id":"https:\/\/veritekglobal.com\/es\/#\/schema\/person\/image\/","url":"https:\/\/secure.gravatar.com\/avatar\/6679673dbe3d24ffcbf467e2e4e0bbc2?s=96&d=mm&r=g","contentUrl":"https:\/\/secure.gravatar.com\/avatar\/6679673dbe3d24ffcbf467e2e4e0bbc2?s=96&d=mm&r=g","caption":"hannah"},"url":"https:\/\/veritekglobal.com\/es\/blog\/author\/hannah\/"}]}},"_links":{"self":[{"href":"https:\/\/veritekglobal.com\/es\/wp-json\/wp\/v2\/posts\/1251"}],"collection":[{"href":"https:\/\/veritekglobal.com\/es\/wp-json\/wp\/v2\/posts"}],"about":[{"href":"https:\/\/veritekglobal.com\/es\/wp-json\/wp\/v2\/types\/post"}],"author":[{"embeddable":true,"href":"https:\/\/veritekglobal.com\/es\/wp-json\/wp\/v2\/users\/32"}],"replies":[{"embeddable":true,"href":"https:\/\/veritekglobal.com\/es\/wp-json\/wp\/v2\/comments?post=1251"}],"version-history":[{"count":1,"href":"https:\/\/veritekglobal.com\/es\/wp-json\/wp\/v2\/posts\/1251\/revisions"}],"predecessor-version":[{"id":3214,"href":"https:\/\/veritekglobal.com\/es\/wp-json\/wp\/v2\/posts\/1251\/revisions\/3214"}],"wp:featuredmedia":[{"embeddable":true,"href":"https:\/\/veritekglobal.com\/es\/wp-json\/wp\/v2\/media\/1257"}],"wp:attachment":[{"href":"https:\/\/veritekglobal.com\/es\/wp-json\/wp\/v2\/media?parent=1251"}],"wp:term":[{"taxonomy":"category","embeddable":true,"href":"https:\/\/veritekglobal.com\/es\/wp-json\/wp\/v2\/categories?post=1251"},{"taxonomy":"post_tag","embeddable":true,"href":"https:\/\/veritekglobal.com\/es\/wp-json\/wp\/v2\/tags?post=1251"}],"curies":[{"name":"wp","href":"https:\/\/api.w.org\/{rel}","templated":true}]}}