{"id":1140,"date":"2017-01-17T19:48:30","date_gmt":"2017-01-17T19:48:30","guid":{"rendered":"http:\/\/veritekglobal.com\/es\/?p=1140"},"modified":"2020-10-05T14:18:15","modified_gmt":"2020-10-05T13:18:15","slug":"photokina-alla-vamos","status":"publish","type":"post","link":"https:\/\/veritekglobal.com\/es\/blog\/photokina-alla-vamos\/","title":{"rendered":"\u00a1Photokina, all\u00e1 vamos!"},"content":{"rendered":"<p>Estamos encantados de presentar&nbsp;nuestro stand en la Photokina de este a\u00f1o.<\/p>\n<p>Del 19 al 25 de septiembre nos&nbsp;podr\u00e1n encontrar en el Pabell\u00f3n 3.1, Stand A028.<br \/>\nJim Edgar, CEO de Veritek, dijo: &#8220;Esta ser\u00e1 nuestro quinto a\u00f1o de presencia en Photokina y nunca nos cansamos de estar aqu\u00ed&#8221;.<\/p>\n<p>&#8220;Una vez m\u00e1s esperamos poder ponernos al d\u00eda con muchos de nuestros clientes, conocer nuevos y ver los \u00faltimos desarrollos y tendencias futuras &nbsp;del sector&#8221;.<\/p>\n<p>El equipo alem\u00e1n de Veritek estar\u00e1 a su disposici\u00f3n para&nbsp;informarles acerca de nuestra empresa y de nuestros servicios.<\/p>\n<p>Si desea programar una reuni\u00f3n con Veritek durante Photokina, env\u00ede un correo electr\u00f3nico a: vicki.blaber@veritekglobal.com. De lo contrario, simplemente pase por el stand donde tendremos un caf\u00e9 o una cerveza esperando por usted!<\/p>\n<p>Desde 1985, Veritek ha sido un proveedor l\u00edder de servicio t\u00e9cnico al sector de la fotograf\u00eda en toda Europa.<\/p>\n<p style=\"text-align: center\"><a href=\"https:\/\/veritekglobal.com\/es\/wp-content\/uploads\/sites\/3\/2017\/01\/PhotoKina-Stand.jpg\"><img decoding=\"async\" loading=\"lazy\" class=\"alignnone size-medium wp-image-1139\" src=\"https:\/\/veritekglobal.com\/es\/wp-content\/uploads\/sites\/3\/2017\/01\/PhotoKina-Stand-300x225.jpg\" alt=\"PhotoKina-Stand\" width=\"300\" height=\"225\" srcset=\"https:\/\/veritekglobal.com\/es\/wp-content\/uploads\/sites\/3\/2017\/01\/PhotoKina-Stand-300x225.jpg 300w, https:\/\/veritekglobal.com\/es\/wp-content\/uploads\/sites\/3\/2017\/01\/PhotoKina-Stand-1024x768.jpg 1024w, https:\/\/veritekglobal.com\/es\/wp-content\/uploads\/sites\/3\/2017\/01\/PhotoKina-Stand-768x576.jpg 768w, https:\/\/veritekglobal.com\/es\/wp-content\/uploads\/sites\/3\/2017\/01\/PhotoKina-Stand-1536x1152.jpg 1536w, https:\/\/veritekglobal.com\/es\/wp-content\/uploads\/sites\/3\/2017\/01\/PhotoKina-Stand-165x124.jpg 165w, https:\/\/veritekglobal.com\/es\/wp-content\/uploads\/sites\/3\/2017\/01\/PhotoKina-Stand.jpg 1609w\" sizes=\"(max-width: 300px) 100vw, 300px\" \/><\/a><\/p>\n","protected":false},"excerpt":{"rendered":"<p>Estamos encantados de presentar&nbsp;nuestro stand en la Photokina de este a\u00f1o. Del 19 al 25 de septiembre nos&nbsp;podr\u00e1n encontrar en el Pabell\u00f3n 3.1, Stand A028. Jim Edgar, CEO de Veritek, dijo: &#8220;Esta ser\u00e1 nuestro quinto a\u00f1o de presencia en Photokina y nunca nos cansamos de estar aqu\u00ed&#8221;. &#8220;Una vez m\u00e1s esperamos poder ponernos al d\u00eda [&hellip;]<\/p>\n","protected":false},"author":32,"featured_media":1139,"comment_status":"open","ping_status":"open","sticky":false,"template":"","format":"standard","meta":{"footnotes":""},"categories":[114],"tags":[],"yoast_head":"<!-- This site is optimized with the Yoast SEO plugin v21.2 - https:\/\/yoast.com\/wordpress\/plugins\/seo\/ -->\n<title>\u00a1Photokina, all\u00e1 vamos! | Veritek Spain<\/title>\n<meta name=\"robots\" content=\"index, follow, max-snippet:-1, max-image-preview:large, max-video-preview:-1\" \/>\n<link rel=\"canonical\" href=\"https:\/\/veritekglobal.com\/es\/blog\/photokina-alla-vamos\/\" \/>\n<meta property=\"og:locale\" content=\"es_ES\" \/>\n<meta property=\"og:type\" content=\"article\" \/>\n<meta property=\"og:title\" content=\"\u00a1Photokina, all\u00e1 vamos! | Veritek Spain\" \/>\n<meta property=\"og:description\" content=\"Estamos encantados de presentar&nbsp;nuestro stand en la Photokina de este a\u00f1o. Del 19 al 25 de septiembre nos&nbsp;podr\u00e1n encontrar en el Pabell\u00f3n 3.1, Stand A028. Jim Edgar, CEO de Veritek, dijo: &#8220;Esta ser\u00e1 nuestro quinto a\u00f1o de presencia en Photokina y nunca nos cansamos de estar aqu\u00ed&#8221;. &#8220;Una vez m\u00e1s esperamos poder ponernos al d\u00eda [&hellip;]\" \/>\n<meta property=\"og:url\" content=\"https:\/\/veritekglobal.com\/es\/blog\/photokina-alla-vamos\/\" \/>\n<meta property=\"og:site_name\" content=\"Veritek Spain\" \/>\n<meta property=\"article:published_time\" content=\"2017-01-17T19:48:30+00:00\" \/>\n<meta property=\"article:modified_time\" content=\"2020-10-05T13:18:15+00:00\" \/>\n<meta property=\"og:image\" content=\"https:\/\/veritekglobal.com\/es\/wp-content\/uploads\/sites\/3\/2017\/01\/PhotoKina-Stand.jpg\" \/>\n\t<meta property=\"og:image:width\" content=\"1609\" \/>\n\t<meta property=\"og:image:height\" content=\"1207\" \/>\n\t<meta property=\"og:image:type\" content=\"image\/jpeg\" \/>\n<meta name=\"author\" content=\"hannah\" \/>\n<meta name=\"twitter:card\" content=\"summary_large_image\" \/>\n<meta name=\"twitter:label1\" content=\"Written by\" \/>\n\t<meta name=\"twitter:data1\" content=\"hannah\" \/>\n\t<meta name=\"twitter:label2\" content=\"Est. reading time\" \/>\n\t<meta name=\"twitter:data2\" content=\"1 minute\" \/>\n<script type=\"application\/ld+json\" class=\"yoast-schema-graph\">{\"@context\":\"https:\/\/schema.org\",\"@graph\":[{\"@type\":\"Article\",\"@id\":\"https:\/\/veritekglobal.com\/es\/blog\/photokina-alla-vamos\/#article\",\"isPartOf\":{\"@id\":\"https:\/\/veritekglobal.com\/es\/blog\/photokina-alla-vamos\/\"},\"author\":{\"name\":\"hannah\",\"@id\":\"https:\/\/veritekglobal.com\/es\/#\/schema\/person\/88c2a2913f9014c67765fee1ec6bcf0e\"},\"headline\":\"\u00a1Photokina, all\u00e1 vamos!\",\"datePublished\":\"2017-01-17T19:48:30+00:00\",\"dateModified\":\"2020-10-05T13:18:15+00:00\",\"mainEntityOfPage\":{\"@id\":\"https:\/\/veritekglobal.com\/es\/blog\/photokina-alla-vamos\/\"},\"wordCount\":165,\"commentCount\":0,\"publisher\":{\"@id\":\"https:\/\/veritekglobal.com\/es\/#organization\"},\"articleSection\":[\"Latest News\"],\"inLanguage\":\"es-ES\",\"potentialAction\":[{\"@type\":\"CommentAction\",\"name\":\"Comment\",\"target\":[\"https:\/\/veritekglobal.com\/es\/blog\/photokina-alla-vamos\/#respond\"]}]},{\"@type\":\"WebPage\",\"@id\":\"https:\/\/veritekglobal.com\/es\/blog\/photokina-alla-vamos\/\",\"url\":\"https:\/\/veritekglobal.com\/es\/blog\/photokina-alla-vamos\/\",\"name\":\"\u00a1Photokina, all\u00e1 vamos! | Veritek Spain\",\"isPartOf\":{\"@id\":\"https:\/\/veritekglobal.com\/es\/#website\"},\"datePublished\":\"2017-01-17T19:48:30+00:00\",\"dateModified\":\"2020-10-05T13:18:15+00:00\",\"breadcrumb\":{\"@id\":\"https:\/\/veritekglobal.com\/es\/blog\/photokina-alla-vamos\/#breadcrumb\"},\"inLanguage\":\"es-ES\",\"potentialAction\":[{\"@type\":\"ReadAction\",\"target\":[\"https:\/\/veritekglobal.com\/es\/blog\/photokina-alla-vamos\/\"]}]},{\"@type\":\"BreadcrumbList\",\"@id\":\"https:\/\/veritekglobal.com\/es\/blog\/photokina-alla-vamos\/#breadcrumb\",\"itemListElement\":[{\"@type\":\"ListItem\",\"position\":1,\"name\":\"Home\",\"item\":\"https:\/\/veritekglobal.com\/es\/\"},{\"@type\":\"ListItem\",\"position\":2,\"name\":\"\u00a1Photokina, all\u00e1 vamos!\"}]},{\"@type\":\"WebSite\",\"@id\":\"https:\/\/veritekglobal.com\/es\/#website\",\"url\":\"https:\/\/veritekglobal.com\/es\/\",\"name\":\"Veritek Spain\",\"description\":\"Photo Imaging, Print and Graphics, Healthcare and Optical, and Digital Cinema.\",\"publisher\":{\"@id\":\"https:\/\/veritekglobal.com\/es\/#organization\"},\"potentialAction\":[{\"@type\":\"SearchAction\",\"target\":{\"@type\":\"EntryPoint\",\"urlTemplate\":\"https:\/\/veritekglobal.com\/es\/?s={search_term_string}\"},\"query-input\":\"required name=search_term_string\"}],\"inLanguage\":\"es-ES\"},{\"@type\":\"Organization\",\"@id\":\"https:\/\/veritekglobal.com\/es\/#organization\",\"name\":\"Veritek\",\"url\":\"https:\/\/veritekglobal.com\/es\/\",\"logo\":{\"@type\":\"ImageObject\",\"inLanguage\":\"es-ES\",\"@id\":\"https:\/\/veritekglobal.com\/es\/#\/schema\/logo\/image\/\",\"url\":\"https:\/\/veritekglobal.com\/es\/wp-content\/uploads\/sites\/3\/2020\/03\/Logo.svg\",\"contentUrl\":\"https:\/\/veritekglobal.com\/es\/wp-content\/uploads\/sites\/3\/2020\/03\/Logo.svg\",\"width\":339,\"height\":144,\"caption\":\"Veritek\"},\"image\":{\"@id\":\"https:\/\/veritekglobal.com\/es\/#\/schema\/logo\/image\/\"}},{\"@type\":\"Person\",\"@id\":\"https:\/\/veritekglobal.com\/es\/#\/schema\/person\/88c2a2913f9014c67765fee1ec6bcf0e\",\"name\":\"hannah\",\"image\":{\"@type\":\"ImageObject\",\"inLanguage\":\"es-ES\",\"@id\":\"https:\/\/veritekglobal.com\/es\/#\/schema\/person\/image\/\",\"url\":\"https:\/\/secure.gravatar.com\/avatar\/6679673dbe3d24ffcbf467e2e4e0bbc2?s=96&d=mm&r=g\",\"contentUrl\":\"https:\/\/secure.gravatar.com\/avatar\/6679673dbe3d24ffcbf467e2e4e0bbc2?s=96&d=mm&r=g\",\"caption\":\"hannah\"},\"url\":\"https:\/\/veritekglobal.com\/es\/blog\/author\/hannah\/\"}]}<\/script>\n<!-- \/ Yoast SEO plugin. -->","yoast_head_json":{"title":"\u00a1Photokina, all\u00e1 vamos! | Veritek Spain","robots":{"index":"index","follow":"follow","max-snippet":"max-snippet:-1","max-image-preview":"max-image-preview:large","max-video-preview":"max-video-preview:-1"},"canonical":"https:\/\/veritekglobal.com\/es\/blog\/photokina-alla-vamos\/","og_locale":"es_ES","og_type":"article","og_title":"\u00a1Photokina, all\u00e1 vamos! | Veritek Spain","og_description":"Estamos encantados de presentar&nbsp;nuestro stand en la Photokina de este a\u00f1o. Del 19 al 25 de septiembre nos&nbsp;podr\u00e1n encontrar en el Pabell\u00f3n 3.1, Stand A028. Jim Edgar, CEO de Veritek, dijo: &#8220;Esta ser\u00e1 nuestro quinto a\u00f1o de presencia en Photokina y nunca nos cansamos de estar aqu\u00ed&#8221;. &#8220;Una vez m\u00e1s esperamos poder ponernos al d\u00eda [&hellip;]","og_url":"https:\/\/veritekglobal.com\/es\/blog\/photokina-alla-vamos\/","og_site_name":"Veritek Spain","article_published_time":"2017-01-17T19:48:30+00:00","article_modified_time":"2020-10-05T13:18:15+00:00","og_image":[{"width":1609,"height":1207,"url":"https:\/\/veritekglobal.com\/es\/wp-content\/uploads\/sites\/3\/2017\/01\/PhotoKina-Stand.jpg","type":"image\/jpeg"}],"author":"hannah","twitter_card":"summary_large_image","twitter_misc":{"Written by":"hannah","Est. reading time":"1 minute"},"schema":{"@context":"https:\/\/schema.org","@graph":[{"@type":"Article","@id":"https:\/\/veritekglobal.com\/es\/blog\/photokina-alla-vamos\/#article","isPartOf":{"@id":"https:\/\/veritekglobal.com\/es\/blog\/photokina-alla-vamos\/"},"author":{"name":"hannah","@id":"https:\/\/veritekglobal.com\/es\/#\/schema\/person\/88c2a2913f9014c67765fee1ec6bcf0e"},"headline":"\u00a1Photokina, all\u00e1 vamos!","datePublished":"2017-01-17T19:48:30+00:00","dateModified":"2020-10-05T13:18:15+00:00","mainEntityOfPage":{"@id":"https:\/\/veritekglobal.com\/es\/blog\/photokina-alla-vamos\/"},"wordCount":165,"commentCount":0,"publisher":{"@id":"https:\/\/veritekglobal.com\/es\/#organization"},"articleSection":["Latest News"],"inLanguage":"es-ES","potentialAction":[{"@type":"CommentAction","name":"Comment","target":["https:\/\/veritekglobal.com\/es\/blog\/photokina-alla-vamos\/#respond"]}]},{"@type":"WebPage","@id":"https:\/\/veritekglobal.com\/es\/blog\/photokina-alla-vamos\/","url":"https:\/\/veritekglobal.com\/es\/blog\/photokina-alla-vamos\/","name":"\u00a1Photokina, all\u00e1 vamos! | Veritek Spain","isPartOf":{"@id":"https:\/\/veritekglobal.com\/es\/#website"},"datePublished":"2017-01-17T19:48:30+00:00","dateModified":"2020-10-05T13:18:15+00:00","breadcrumb":{"@id":"https:\/\/veritekglobal.com\/es\/blog\/photokina-alla-vamos\/#breadcrumb"},"inLanguage":"es-ES","potentialAction":[{"@type":"ReadAction","target":["https:\/\/veritekglobal.com\/es\/blog\/photokina-alla-vamos\/"]}]},{"@type":"BreadcrumbList","@id":"https:\/\/veritekglobal.com\/es\/blog\/photokina-alla-vamos\/#breadcrumb","itemListElement":[{"@type":"ListItem","position":1,"name":"Home","item":"https:\/\/veritekglobal.com\/es\/"},{"@type":"ListItem","position":2,"name":"\u00a1Photokina, all\u00e1 vamos!"}]},{"@type":"WebSite","@id":"https:\/\/veritekglobal.com\/es\/#website","url":"https:\/\/veritekglobal.com\/es\/","name":"Veritek Spain","description":"Photo Imaging, Print and Graphics, Healthcare and Optical, and Digital Cinema.","publisher":{"@id":"https:\/\/veritekglobal.com\/es\/#organization"},"potentialAction":[{"@type":"SearchAction","target":{"@type":"EntryPoint","urlTemplate":"https:\/\/veritekglobal.com\/es\/?s={search_term_string}"},"query-input":"required name=search_term_string"}],"inLanguage":"es-ES"},{"@type":"Organization","@id":"https:\/\/veritekglobal.com\/es\/#organization","name":"Veritek","url":"https:\/\/veritekglobal.com\/es\/","logo":{"@type":"ImageObject","inLanguage":"es-ES","@id":"https:\/\/veritekglobal.com\/es\/#\/schema\/logo\/image\/","url":"https:\/\/veritekglobal.com\/es\/wp-content\/uploads\/sites\/3\/2020\/03\/Logo.svg","contentUrl":"https:\/\/veritekglobal.com\/es\/wp-content\/uploads\/sites\/3\/2020\/03\/Logo.svg","width":339,"height":144,"caption":"Veritek"},"image":{"@id":"https:\/\/veritekglobal.com\/es\/#\/schema\/logo\/image\/"}},{"@type":"Person","@id":"https:\/\/veritekglobal.com\/es\/#\/schema\/person\/88c2a2913f9014c67765fee1ec6bcf0e","name":"hannah","image":{"@type":"ImageObject","inLanguage":"es-ES","@id":"https:\/\/veritekglobal.com\/es\/#\/schema\/person\/image\/","url":"https:\/\/secure.gravatar.com\/avatar\/6679673dbe3d24ffcbf467e2e4e0bbc2?s=96&d=mm&r=g","contentUrl":"https:\/\/secure.gravatar.com\/avatar\/6679673dbe3d24ffcbf467e2e4e0bbc2?s=96&d=mm&r=g","caption":"hannah"},"url":"https:\/\/veritekglobal.com\/es\/blog\/author\/hannah\/"}]}},"_links":{"self":[{"href":"https:\/\/veritekglobal.com\/es\/wp-json\/wp\/v2\/posts\/1140"}],"collection":[{"href":"https:\/\/veritekglobal.com\/es\/wp-json\/wp\/v2\/posts"}],"about":[{"href":"https:\/\/veritekglobal.com\/es\/wp-json\/wp\/v2\/types\/post"}],"author":[{"embeddable":true,"href":"https:\/\/veritekglobal.com\/es\/wp-json\/wp\/v2\/users\/32"}],"replies":[{"embeddable":true,"href":"https:\/\/veritekglobal.com\/es\/wp-json\/wp\/v2\/comments?post=1140"}],"version-history":[{"count":1,"href":"https:\/\/veritekglobal.com\/es\/wp-json\/wp\/v2\/posts\/1140\/revisions"}],"predecessor-version":[{"id":3210,"href":"https:\/\/veritekglobal.com\/es\/wp-json\/wp\/v2\/posts\/1140\/revisions\/3210"}],"wp:featuredmedia":[{"embeddable":true,"href":"https:\/\/veritekglobal.com\/es\/wp-json\/wp\/v2\/media\/1139"}],"wp:attachment":[{"href":"https:\/\/veritekglobal.com\/es\/wp-json\/wp\/v2\/media?parent=1140"}],"wp:term":[{"taxonomy":"category","embeddable":true,"href":"https:\/\/veritekglobal.com\/es\/wp-json\/wp\/v2\/categories?post=1140"},{"taxonomy":"post_tag","embeddable":true,"href":"https:\/\/veritekglobal.com\/es\/wp-json\/wp\/v2\/tags?post=1140"}],"curies":[{"name":"wp","href":"https:\/\/api.w.org\/{rel}","templated":true}]}}